{"id":1628,"date":"2024-10-02T12:03:22","date_gmt":"2024-10-02T10:03:22","guid":{"rendered":"http:\/\/www.cd-lovrenc.si\/?p=1628"},"modified":"2025-08-26T08:09:46","modified_gmt":"2025-08-26T06:09:46","slug":"zlata-medalja","status":"publish","type":"post","link":"https:\/\/www.cd-lovrenc.si\/sl\/objave\/zlata-medalja\/","title":{"rendered":"Zlata medalja AGRA 2024"},"content":{"rendered":"<p><\/p>\n\n\n\n<div class=\"wp-block-media-text alignwide is-stacked-on-mobile\"><figure class=\"wp-block-media-text__media\"><img decoding=\"async\" loading=\"lazy\" width=\"568\" height=\"1000\" src=\"http:\/\/www.cd-lovrenc.si\/wp-content\/uploads\/2024\/10\/20240929_160259.jpg\" alt=\"\" class=\"wp-image-1629 size-full\" srcset=\"https:\/\/www.cd-lovrenc.si\/wp-content\/uploads\/2024\/10\/20240929_160259.jpg 568w, https:\/\/www.cd-lovrenc.si\/wp-content\/uploads\/2024\/10\/20240929_160259-170x300.jpg 170w, https:\/\/www.cd-lovrenc.si\/wp-content\/uploads\/2024\/10\/20240929_160259-7x12.jpg 7w\" sizes=\"(max-width: 568px) 100vw, 568px\" \/><\/figure><div class=\"wp-block-media-text__content\">\n<p>\u010cebelarsko dru\u0161tvo Lovrenc na Pohorju je na ocenjevanu medu z mednarodno  udele\u017ebo na MEDNARODNO KMETIJSKO-\u017dIVILSKEM SEJMU AGRA, ki je potekal  od 24.\u2013 29. 8. 2024 za na\u0161 Gozdni med v ocenjevanju izstopalo in osvojilo 27,67 to\u010dk. <\/p>\n\n\n\n<p>S tem je dru\u0161tvo zaslu\u017eeno prejelo priznanje za vrhunsko kakovost: ZLATA MEDALJA, <strong>za &#8220;Gozdni med&#8221;, ki ga je pridelal skrbnik dru\u0161tvenega \u010debelnjaka IZIDOR OBRULJ.<\/strong><\/p>\n\n\n\n<p>Iskrene \u010destitke!<\/p>\n<\/div><\/div>","protected":false},"excerpt":{"rendered":"<p>\u010cebelarsko dru\u0161tvo Lovrenc na Pohorju je na ocenjevanu medu z mednarodno udele\u017ebo na MEDNARODNO KMETIJSKO-\u017dIVILSKEM SEJMU AGRA, ki je potekal od 24.\u2013 29. 8. 2024 za na\u0161 Gozdni med v ocenjevanju izstopalo in osvojilo 27,67 to\u010dk. S tem je dru\u0161tvo zaslu\u017eeno prejelo priznanje za vrhunsko kakovost: ZLATA MEDALJA, za &#8220;Gozdni med&#8221;, ki ga je pridelal &hellip;<\/p>\n<p class=\"read-more\"> <a class=\"\" href=\"https:\/\/www.cd-lovrenc.si\/sl\/objave\/zlata-medalja\/\"> <span class=\"screen-reader-text\">Zlata medalja AGRA 2024<\/span> Read More &raquo;<\/a><\/p>","protected":false},"author":1,"featured_media":1632,"comment_status":"closed","ping_status":"closed","sticky":false,"template":"","format":"standard","meta":{"ngg_post_thumbnail":0},"categories":[11],"tags":[],"_links":{"self":[{"href":"https:\/\/www.cd-lovrenc.si\/sl\/wp-json\/wp\/v2\/posts\/1628"}],"collection":[{"href":"https:\/\/www.cd-lovrenc.si\/sl\/wp-json\/wp\/v2\/posts"}],"about":[{"href":"https:\/\/www.cd-lovrenc.si\/sl\/wp-json\/wp\/v2\/types\/post"}],"author":[{"embeddable":true,"href":"https:\/\/www.cd-lovrenc.si\/sl\/wp-json\/wp\/v2\/users\/1"}],"replies":[{"embeddable":true,"href":"https:\/\/www.cd-lovrenc.si\/sl\/wp-json\/wp\/v2\/comments?post=1628"}],"version-history":[{"count":3,"href":"https:\/\/www.cd-lovrenc.si\/sl\/wp-json\/wp\/v2\/posts\/1628\/revisions"}],"predecessor-version":[{"id":1680,"href":"https:\/\/www.cd-lovrenc.si\/sl\/wp-json\/wp\/v2\/posts\/1628\/revisions\/1680"}],"wp:featuredmedia":[{"embeddable":true,"href":"https:\/\/www.cd-lovrenc.si\/sl\/wp-json\/wp\/v2\/media\/1632"}],"wp:attachment":[{"href":"https:\/\/www.cd-lovrenc.si\/sl\/wp-json\/wp\/v2\/media?parent=1628"}],"wp:term":[{"taxonomy":"category","embeddable":true,"href":"https:\/\/www.cd-lovrenc.si\/sl\/wp-json\/wp\/v2\/categories?post=1628"},{"taxonomy":"post_tag","embeddable":true,"href":"https:\/\/www.cd-lovrenc.si\/sl\/wp-json\/wp\/v2\/tags?post=1628"}],"curies":[{"name":"wp","href":"https:\/\/api.w.org\/{rel}","templated":true}]}}